{"id":5550,"date":"2026-02-21T15:23:13","date_gmt":"2026-02-21T15:23:13","guid":{"rendered":"https:\/\/larreborges.com\/web\/?p=5550"},"modified":"2026-02-21T15:29:05","modified_gmt":"2026-02-21T15:29:05","slug":"llamado-u19-femenino","status":"publish","type":"post","link":"https:\/\/larreborges.com\/web\/llamado-u19-femenino\/","title":{"rendered":"Llamado U19 Femenino"},"content":{"rendered":"\t\t<div data-elementor-type=\"wp-post\" data-elementor-id=\"5550\" class=\"elementor elementor-5550\" data-elementor-post-type=\"post\">\n\t\t\t\t\t\t<section class=\"elementor-section elementor-top-section elementor-element elementor-element-3d3f0a2f elementor-section-boxed elementor-section-height-default elementor-section-height-default wpr-particle-no wpr-jarallax-no wpr-parallax-no wpr-sticky-section-no\" data-id=\"3d3f0a2f\" data-element_type=\"section\" data-e-type=\"section\">\n\t\t\t\t\t\t<div class=\"elementor-container elementor-column-gap-default\">\n\t\t\t\t\t<div class=\"elementor-column elementor-col-100 elementor-top-column elementor-element elementor-element-3b0fd471\" data-id=\"3b0fd471\" data-element_type=\"column\" data-e-type=\"column\">\n\t\t\t<div class=\"elementor-widget-wrap elementor-element-populated\">\n\t\t\t\t\t\t<div class=\"elementor-element elementor-element-152ac9a1 elementor-widget elementor-widget-text-editor\" data-id=\"152ac9a1\" data-element_type=\"widget\" data-e-type=\"widget\" data-widget_type=\"text-editor.default\">\n\t\t\t\t<div class=\"elementor-widget-container\">\n\t\t\t\t\t\t\t\t\t\n<p style=\"text-align: left;\">La Instituci\u00f3n Atl\u00e9tica Larre Borges abre su <strong>Llamado a Aspirantes<\/strong> para integrar el plantel femenino U19 \u00a0de formativas. Si te apasiona el b\u00e1squetbol y quer\u00e9s desarrollarte en un club hist\u00f3rico, con identidad, pertenencia y trabajo en equipo, este es tu momento.<\/p>\n\n<p style=\"text-align: left;\">En Larre apostamos a la formaci\u00f3n integral de deportistas, combinando metodolog\u00eda, valores y un fuerte sentido de comunidad.<\/p>\n<p style=\"text-align: left;\">Nuestro compromiso es acompa\u00f1ar tu crecimiento dentro y fuera de la cancha, potenciando tus habilidades t\u00e9cnicas, t\u00e1cticas y humanas.<\/p>\n\n<h3 class=\"wp-block-heading\" style=\"text-align: left;\"><strong>\u00a1Comenz\u00e1 ahora!<\/strong><\/h3>\n\n<p style=\"text-align: left;\">Quienes se sumen en este per\u00edodo podr\u00e1n acceder a una <strong>promoci\u00f3n especial de bienvenida: primer mes gratis<\/strong>.<\/p>\n<p style=\"text-align: left;\">Es la oportunidad ideal para conocer el club, integrarte al grupo y comenzar a entrenar desde ya.<\/p>\n\n<h3 class=\"wp-block-heading\" style=\"text-align: left;\"><strong>\u00bfPor qu\u00e9 elegir Larre?<\/strong><\/h3>\n\n<ul class=\"wp-block-list\" style=\"text-align: left;\">\n<li>Ambientes de entrenamiento motivadores y competitivos.<\/li>\n\n<li>Equipos t\u00e9cnicos capacitados y con experiencia en desarrollo juvenil.<\/li>\n\n<li>Un club con 98 a\u00f1os de historia, tradici\u00f3n y valores.<\/li>\n\n<li>Un fuerte sentido de pertenencia: <strong>#SomosElBarrio<\/strong>.<\/li>\n<\/ul>\n\n<p style=\"text-align: left;\">Si quer\u00e9s formar parte de la familia cuadriculada y dar el pr\u00f3ximo paso en tu camino deportivo, <strong>te esperamos<\/strong>.<\/p>\n\n<p>\u00a0<\/p>\t\t\t\t\t\t\t\t<\/div>\n\t\t\t\t<\/div>\n\t\t\t\t\t<\/div>\n\t\t<\/div>\n\t\t\t\t\t<\/div>\n\t\t<\/section>\n\t\t\t\t<section class=\"elementor-section elementor-top-section elementor-element elementor-element-bb804b6 elementor-section-boxed elementor-section-height-default elementor-section-height-default wpr-particle-no wpr-jarallax-no wpr-parallax-no wpr-sticky-section-no\" data-id=\"bb804b6\" data-element_type=\"section\" data-e-type=\"section\">\n\t\t\t\t\t\t<div class=\"elementor-container elementor-column-gap-default\">\n\t\t\t\t\t<div class=\"elementor-column elementor-col-100 elementor-top-column elementor-element elementor-element-3adcc28\" data-id=\"3adcc28\" data-element_type=\"column\" data-e-type=\"column\">\n\t\t\t<div class=\"elementor-widget-wrap elementor-element-populated\">\n\t\t\t\t\t\t<div class=\"elementor-element elementor-element-baf5727 elementor-widget elementor-widget-text-editor\" data-id=\"baf5727\" data-element_type=\"widget\" data-e-type=\"widget\" data-widget_type=\"text-editor.default\">\n\t\t\t\t<div class=\"elementor-widget-container\">\n\t\t\t\t\t\t\t\t\t<p><iframe src=\"https:\/\/docs.google.com\/forms\/d\/e\/1FAIpQLScboQFTJ_Lxt83Mo6X3gEzCY9KuV2SQkaeTYdI1Br49JGs_KA\/viewform?embedded=true\" width=\"640\" height=\"1396\" frameborder=\"0\" marginwidth=\"0\" marginheight=\"0\">Cargando\u2026<\/iframe><\/p>\t\t\t\t\t\t\t\t<\/div>\n\t\t\t\t<\/div>\n\t\t\t\t\t<\/div>\n\t\t<\/div>\n\t\t\t\t\t<\/div>\n\t\t<\/section>\n\t\t\t\t<\/div>\n\t\t","protected":false},"excerpt":{"rendered":"<p>La Instituci\u00f3n Atl\u00e9tica Larre Borges abre su Llamado a Aspirantes para integrar el plantel femenino U19 \u00a0de formativas. Si te apasiona el b\u00e1squetbol y quer\u00e9s desarrollarte en un club hist\u00f3rico, con identidad, pertenencia y trabajo en equipo, este es tu momento. En Larre apostamos a la formaci\u00f3n integral de deportistas, combinando metodolog\u00eda, valores y un fuerte sentido de comunidad. Nuestro compromiso es acompa\u00f1ar tu crecimiento dentro y fuera de la cancha, potenciando tus habilidades t\u00e9cnicas, t\u00e1cticas y humanas. \u00a1Comenz\u00e1 ahora! Quienes se sumen en este per\u00edodo podr\u00e1n acceder a una promoci\u00f3n especial de bienvenida: primer mes gratis. Es la oportunidad ideal para conocer el club, integrarte al grupo y comenzar a entrenar desde ya. \u00bfPor qu\u00e9 elegir Larre? Si quer\u00e9s formar parte de la familia cuadriculada y dar el pr\u00f3ximo paso en tu camino deportivo, te esperamos. \u00a0 Cargando\u2026<\/p>\n","protected":false},"author":2,"featured_media":5558,"comment_status":"open","ping_status":"open","sticky":false,"template":"","format":"standard","meta":{"_joinchat":[],"footnotes":""},"categories":[8],"tags":[75,19,28],"class_list":["post-5550","post","type-post","status-publish","format-standard","has-post-thumbnail","hentry","category-formativas","tag-basquet-femenino","tag-basquet-uruguay","tag-larre-borges"],"yoast_head":"<!-- This site is optimized with the Yoast SEO plugin v27.3 - https:\/\/yoast.com\/product\/yoast-seo-wordpress\/ -->\n<title>Llamado U19 Femenino - Instituci\u00f3n Atl\u00e9tica Larre Borges<\/title>\n<meta name=\"robots\" content=\"index, follow, max-snippet:-1, max-image-preview:large, max-video-preview:-1\" \/>\n<link rel=\"canonical\" href=\"https:\/\/larreborges.com\/web\/llamado-u19-femenino\/\" \/>\n<meta property=\"og:locale\" content=\"es_ES\" \/>\n<meta property=\"og:type\" content=\"article\" \/>\n<meta property=\"og:title\" content=\"Llamado U19 Femenino - Instituci\u00f3n Atl\u00e9tica Larre Borges\" \/>\n<meta property=\"og:description\" content=\"La Instituci\u00f3n Atl\u00e9tica Larre Borges abre su Llamado a Aspirantes para integrar el plantel femenino U19 \u00a0de formativas. Si te apasiona el b\u00e1squetbol y quer\u00e9s desarrollarte en un club hist\u00f3rico, con identidad, pertenencia y trabajo en equipo, este es tu momento. En Larre apostamos a la formaci\u00f3n integral de deportistas, combinando metodolog\u00eda, valores y un fuerte sentido de comunidad. Nuestro compromiso es acompa\u00f1ar tu crecimiento dentro y fuera de la cancha, potenciando tus habilidades t\u00e9cnicas, t\u00e1cticas y humanas. \u00a1Comenz\u00e1 ahora! Quienes se sumen en este per\u00edodo podr\u00e1n acceder a una promoci\u00f3n especial de bienvenida: primer mes gratis. Es la oportunidad ideal para conocer el club, integrarte al grupo y comenzar a entrenar desde ya. \u00bfPor qu\u00e9 elegir Larre? Si quer\u00e9s formar parte de la familia cuadriculada y dar el pr\u00f3ximo paso en tu camino deportivo, te esperamos. \u00a0 Cargando\u2026\" \/>\n<meta property=\"og:url\" content=\"https:\/\/larreborges.com\/web\/llamado-u19-femenino\/\" \/>\n<meta property=\"og:site_name\" content=\"Instituci\u00f3n Atl\u00e9tica Larre Borges\" \/>\n<meta property=\"article:published_time\" content=\"2026-02-21T15:23:13+00:00\" \/>\n<meta property=\"article:modified_time\" content=\"2026-02-21T15:29:05+00:00\" \/>\n<meta property=\"og:image\" content=\"https:\/\/larreborges.com\/web\/wp-content\/uploads\/2026\/02\/llamado-femenino-u19-web.png\" \/>\n\t<meta property=\"og:image:width\" content=\"600\" \/>\n\t<meta property=\"og:image:height\" content=\"400\" \/>\n\t<meta property=\"og:image:type\" content=\"image\/png\" \/>\n<meta name=\"author\" content=\"c2680518\" \/>\n<meta name=\"twitter:card\" content=\"summary_large_image\" \/>\n<meta name=\"twitter:label1\" content=\"Escrito por\" \/>\n\t<meta name=\"twitter:data1\" content=\"c2680518\" \/>\n\t<meta name=\"twitter:label2\" content=\"Tiempo de lectura\" \/>\n\t<meta name=\"twitter:data2\" content=\"1 minuto\" \/>\n<script type=\"application\/ld+json\" class=\"yoast-schema-graph\">{\"@context\":\"https:\\\/\\\/schema.org\",\"@graph\":[{\"@type\":\"Article\",\"@id\":\"https:\\\/\\\/larreborges.com\\\/web\\\/llamado-u19-femenino\\\/#article\",\"isPartOf\":{\"@id\":\"https:\\\/\\\/larreborges.com\\\/web\\\/llamado-u19-femenino\\\/\"},\"author\":{\"name\":\"c2680518\",\"@id\":\"https:\\\/\\\/larreborges.com\\\/web\\\/#\\\/schema\\\/person\\\/c45aecf227510ebdaad5d0b04b0974e1\"},\"headline\":\"Llamado U19 Femenino\",\"datePublished\":\"2026-02-21T15:23:13+00:00\",\"dateModified\":\"2026-02-21T15:29:05+00:00\",\"mainEntityOfPage\":{\"@id\":\"https:\\\/\\\/larreborges.com\\\/web\\\/llamado-u19-femenino\\\/\"},\"wordCount\":189,\"commentCount\":0,\"image\":{\"@id\":\"https:\\\/\\\/larreborges.com\\\/web\\\/llamado-u19-femenino\\\/#primaryimage\"},\"thumbnailUrl\":\"https:\\\/\\\/larreborges.com\\\/web\\\/wp-content\\\/uploads\\\/2026\\\/02\\\/llamado-femenino-u19-web.png\",\"keywords\":[\"basquet femenino\",\"basquet uruguay\",\"larre borges\"],\"articleSection\":[\"Formativas\"],\"inLanguage\":\"es\",\"potentialAction\":[{\"@type\":\"CommentAction\",\"name\":\"Comment\",\"target\":[\"https:\\\/\\\/larreborges.com\\\/web\\\/llamado-u19-femenino\\\/#respond\"]}]},{\"@type\":\"WebPage\",\"@id\":\"https:\\\/\\\/larreborges.com\\\/web\\\/llamado-u19-femenino\\\/\",\"url\":\"https:\\\/\\\/larreborges.com\\\/web\\\/llamado-u19-femenino\\\/\",\"name\":\"Llamado U19 Femenino - Instituci\u00f3n Atl\u00e9tica Larre Borges\",\"isPartOf\":{\"@id\":\"https:\\\/\\\/larreborges.com\\\/web\\\/#website\"},\"primaryImageOfPage\":{\"@id\":\"https:\\\/\\\/larreborges.com\\\/web\\\/llamado-u19-femenino\\\/#primaryimage\"},\"image\":{\"@id\":\"https:\\\/\\\/larreborges.com\\\/web\\\/llamado-u19-femenino\\\/#primaryimage\"},\"thumbnailUrl\":\"https:\\\/\\\/larreborges.com\\\/web\\\/wp-content\\\/uploads\\\/2026\\\/02\\\/llamado-femenino-u19-web.png\",\"datePublished\":\"2026-02-21T15:23:13+00:00\",\"dateModified\":\"2026-02-21T15:29:05+00:00\",\"author\":{\"@id\":\"https:\\\/\\\/larreborges.com\\\/web\\\/#\\\/schema\\\/person\\\/c45aecf227510ebdaad5d0b04b0974e1\"},\"breadcrumb\":{\"@id\":\"https:\\\/\\\/larreborges.com\\\/web\\\/llamado-u19-femenino\\\/#breadcrumb\"},\"inLanguage\":\"es\",\"potentialAction\":[{\"@type\":\"ReadAction\",\"target\":[\"https:\\\/\\\/larreborges.com\\\/web\\\/llamado-u19-femenino\\\/\"]}]},{\"@type\":\"ImageObject\",\"inLanguage\":\"es\",\"@id\":\"https:\\\/\\\/larreborges.com\\\/web\\\/llamado-u19-femenino\\\/#primaryimage\",\"url\":\"https:\\\/\\\/larreborges.com\\\/web\\\/wp-content\\\/uploads\\\/2026\\\/02\\\/llamado-femenino-u19-web.png\",\"contentUrl\":\"https:\\\/\\\/larreborges.com\\\/web\\\/wp-content\\\/uploads\\\/2026\\\/02\\\/llamado-femenino-u19-web.png\",\"width\":600,\"height\":400},{\"@type\":\"BreadcrumbList\",\"@id\":\"https:\\\/\\\/larreborges.com\\\/web\\\/llamado-u19-femenino\\\/#breadcrumb\",\"itemListElement\":[{\"@type\":\"ListItem\",\"position\":1,\"name\":\"Portada\",\"item\":\"https:\\\/\\\/larreborges.com\\\/web\\\/\"},{\"@type\":\"ListItem\",\"position\":2,\"name\":\"Llamado U19 Femenino\"}]},{\"@type\":\"WebSite\",\"@id\":\"https:\\\/\\\/larreborges.com\\\/web\\\/#website\",\"url\":\"https:\\\/\\\/larreborges.com\\\/web\\\/\",\"name\":\"Instituci\u00f3n Atl\u00e9tica Larre Borges\",\"description\":\"Escuela de b\u00e1squet y deportes\",\"potentialAction\":[{\"@type\":\"SearchAction\",\"target\":{\"@type\":\"EntryPoint\",\"urlTemplate\":\"https:\\\/\\\/larreborges.com\\\/web\\\/?s={search_term_string}\"},\"query-input\":{\"@type\":\"PropertyValueSpecification\",\"valueRequired\":true,\"valueName\":\"search_term_string\"}}],\"inLanguage\":\"es\"},{\"@type\":\"Person\",\"@id\":\"https:\\\/\\\/larreborges.com\\\/web\\\/#\\\/schema\\\/person\\\/c45aecf227510ebdaad5d0b04b0974e1\",\"name\":\"c2680518\",\"image\":{\"@type\":\"ImageObject\",\"inLanguage\":\"es\",\"@id\":\"https:\\\/\\\/secure.gravatar.com\\\/avatar\\\/57b918ba6fbac72c412d619a944de01ca4f645fd746a87d1e6d5633668a06fc5?s=96&d=mm&r=g\",\"url\":\"https:\\\/\\\/secure.gravatar.com\\\/avatar\\\/57b918ba6fbac72c412d619a944de01ca4f645fd746a87d1e6d5633668a06fc5?s=96&d=mm&r=g\",\"contentUrl\":\"https:\\\/\\\/secure.gravatar.com\\\/avatar\\\/57b918ba6fbac72c412d619a944de01ca4f645fd746a87d1e6d5633668a06fc5?s=96&d=mm&r=g\",\"caption\":\"c2680518\"},\"url\":\"https:\\\/\\\/larreborges.com\\\/web\\\/author\\\/c2680518\\\/\"}]}<\/script>\n<!-- \/ Yoast SEO plugin. -->","yoast_head_json":{"title":"Llamado U19 Femenino - Instituci\u00f3n Atl\u00e9tica Larre Borges","robots":{"index":"index","follow":"follow","max-snippet":"max-snippet:-1","max-image-preview":"max-image-preview:large","max-video-preview":"max-video-preview:-1"},"canonical":"https:\/\/larreborges.com\/web\/llamado-u19-femenino\/","og_locale":"es_ES","og_type":"article","og_title":"Llamado U19 Femenino - Instituci\u00f3n Atl\u00e9tica Larre Borges","og_description":"La Instituci\u00f3n Atl\u00e9tica Larre Borges abre su Llamado a Aspirantes para integrar el plantel femenino U19 \u00a0de formativas. Si te apasiona el b\u00e1squetbol y quer\u00e9s desarrollarte en un club hist\u00f3rico, con identidad, pertenencia y trabajo en equipo, este es tu momento. En Larre apostamos a la formaci\u00f3n integral de deportistas, combinando metodolog\u00eda, valores y un fuerte sentido de comunidad. Nuestro compromiso es acompa\u00f1ar tu crecimiento dentro y fuera de la cancha, potenciando tus habilidades t\u00e9cnicas, t\u00e1cticas y humanas. \u00a1Comenz\u00e1 ahora! Quienes se sumen en este per\u00edodo podr\u00e1n acceder a una promoci\u00f3n especial de bienvenida: primer mes gratis. Es la oportunidad ideal para conocer el club, integrarte al grupo y comenzar a entrenar desde ya. \u00bfPor qu\u00e9 elegir Larre? Si quer\u00e9s formar parte de la familia cuadriculada y dar el pr\u00f3ximo paso en tu camino deportivo, te esperamos. \u00a0 Cargando\u2026","og_url":"https:\/\/larreborges.com\/web\/llamado-u19-femenino\/","og_site_name":"Instituci\u00f3n Atl\u00e9tica Larre Borges","article_published_time":"2026-02-21T15:23:13+00:00","article_modified_time":"2026-02-21T15:29:05+00:00","og_image":[{"width":600,"height":400,"url":"https:\/\/larreborges.com\/web\/wp-content\/uploads\/2026\/02\/llamado-femenino-u19-web.png","type":"image\/png"}],"author":"c2680518","twitter_card":"summary_large_image","twitter_misc":{"Escrito por":"c2680518","Tiempo de lectura":"1 minuto"},"schema":{"@context":"https:\/\/schema.org","@graph":[{"@type":"Article","@id":"https:\/\/larreborges.com\/web\/llamado-u19-femenino\/#article","isPartOf":{"@id":"https:\/\/larreborges.com\/web\/llamado-u19-femenino\/"},"author":{"name":"c2680518","@id":"https:\/\/larreborges.com\/web\/#\/schema\/person\/c45aecf227510ebdaad5d0b04b0974e1"},"headline":"Llamado U19 Femenino","datePublished":"2026-02-21T15:23:13+00:00","dateModified":"2026-02-21T15:29:05+00:00","mainEntityOfPage":{"@id":"https:\/\/larreborges.com\/web\/llamado-u19-femenino\/"},"wordCount":189,"commentCount":0,"image":{"@id":"https:\/\/larreborges.com\/web\/llamado-u19-femenino\/#primaryimage"},"thumbnailUrl":"https:\/\/larreborges.com\/web\/wp-content\/uploads\/2026\/02\/llamado-femenino-u19-web.png","keywords":["basquet femenino","basquet uruguay","larre borges"],"articleSection":["Formativas"],"inLanguage":"es","potentialAction":[{"@type":"CommentAction","name":"Comment","target":["https:\/\/larreborges.com\/web\/llamado-u19-femenino\/#respond"]}]},{"@type":"WebPage","@id":"https:\/\/larreborges.com\/web\/llamado-u19-femenino\/","url":"https:\/\/larreborges.com\/web\/llamado-u19-femenino\/","name":"Llamado U19 Femenino - Instituci\u00f3n Atl\u00e9tica Larre Borges","isPartOf":{"@id":"https:\/\/larreborges.com\/web\/#website"},"primaryImageOfPage":{"@id":"https:\/\/larreborges.com\/web\/llamado-u19-femenino\/#primaryimage"},"image":{"@id":"https:\/\/larreborges.com\/web\/llamado-u19-femenino\/#primaryimage"},"thumbnailUrl":"https:\/\/larreborges.com\/web\/wp-content\/uploads\/2026\/02\/llamado-femenino-u19-web.png","datePublished":"2026-02-21T15:23:13+00:00","dateModified":"2026-02-21T15:29:05+00:00","author":{"@id":"https:\/\/larreborges.com\/web\/#\/schema\/person\/c45aecf227510ebdaad5d0b04b0974e1"},"breadcrumb":{"@id":"https:\/\/larreborges.com\/web\/llamado-u19-femenino\/#breadcrumb"},"inLanguage":"es","potentialAction":[{"@type":"ReadAction","target":["https:\/\/larreborges.com\/web\/llamado-u19-femenino\/"]}]},{"@type":"ImageObject","inLanguage":"es","@id":"https:\/\/larreborges.com\/web\/llamado-u19-femenino\/#primaryimage","url":"https:\/\/larreborges.com\/web\/wp-content\/uploads\/2026\/02\/llamado-femenino-u19-web.png","contentUrl":"https:\/\/larreborges.com\/web\/wp-content\/uploads\/2026\/02\/llamado-femenino-u19-web.png","width":600,"height":400},{"@type":"BreadcrumbList","@id":"https:\/\/larreborges.com\/web\/llamado-u19-femenino\/#breadcrumb","itemListElement":[{"@type":"ListItem","position":1,"name":"Portada","item":"https:\/\/larreborges.com\/web\/"},{"@type":"ListItem","position":2,"name":"Llamado U19 Femenino"}]},{"@type":"WebSite","@id":"https:\/\/larreborges.com\/web\/#website","url":"https:\/\/larreborges.com\/web\/","name":"Instituci\u00f3n Atl\u00e9tica Larre Borges","description":"Escuela de b\u00e1squet y deportes","potentialAction":[{"@type":"SearchAction","target":{"@type":"EntryPoint","urlTemplate":"https:\/\/larreborges.com\/web\/?s={search_term_string}"},"query-input":{"@type":"PropertyValueSpecification","valueRequired":true,"valueName":"search_term_string"}}],"inLanguage":"es"},{"@type":"Person","@id":"https:\/\/larreborges.com\/web\/#\/schema\/person\/c45aecf227510ebdaad5d0b04b0974e1","name":"c2680518","image":{"@type":"ImageObject","inLanguage":"es","@id":"https:\/\/secure.gravatar.com\/avatar\/57b918ba6fbac72c412d619a944de01ca4f645fd746a87d1e6d5633668a06fc5?s=96&d=mm&r=g","url":"https:\/\/secure.gravatar.com\/avatar\/57b918ba6fbac72c412d619a944de01ca4f645fd746a87d1e6d5633668a06fc5?s=96&d=mm&r=g","contentUrl":"https:\/\/secure.gravatar.com\/avatar\/57b918ba6fbac72c412d619a944de01ca4f645fd746a87d1e6d5633668a06fc5?s=96&d=mm&r=g","caption":"c2680518"},"url":"https:\/\/larreborges.com\/web\/author\/c2680518\/"}]}},"_links":{"self":[{"href":"https:\/\/larreborges.com\/web\/wp-json\/wp\/v2\/posts\/5550","targetHints":{"allow":["GET"]}}],"collection":[{"href":"https:\/\/larreborges.com\/web\/wp-json\/wp\/v2\/posts"}],"about":[{"href":"https:\/\/larreborges.com\/web\/wp-json\/wp\/v2\/types\/post"}],"author":[{"embeddable":true,"href":"https:\/\/larreborges.com\/web\/wp-json\/wp\/v2\/users\/2"}],"replies":[{"embeddable":true,"href":"https:\/\/larreborges.com\/web\/wp-json\/wp\/v2\/comments?post=5550"}],"version-history":[{"count":7,"href":"https:\/\/larreborges.com\/web\/wp-json\/wp\/v2\/posts\/5550\/revisions"}],"predecessor-version":[{"id":5557,"href":"https:\/\/larreborges.com\/web\/wp-json\/wp\/v2\/posts\/5550\/revisions\/5557"}],"wp:featuredmedia":[{"embeddable":true,"href":"https:\/\/larreborges.com\/web\/wp-json\/wp\/v2\/media\/5558"}],"wp:attachment":[{"href":"https:\/\/larreborges.com\/web\/wp-json\/wp\/v2\/media?parent=5550"}],"wp:term":[{"taxonomy":"category","embeddable":true,"href":"https:\/\/larreborges.com\/web\/wp-json\/wp\/v2\/categories?post=5550"},{"taxonomy":"post_tag","embeddable":true,"href":"https:\/\/larreborges.com\/web\/wp-json\/wp\/v2\/tags?post=5550"}],"curies":[{"name":"wp","href":"https:\/\/api.w.org\/{rel}","templated":true}]}}